[{"@context":"https:\/\/schema.org\/","@type":"Article","@id":"https:\/\/www.emwac.cz\/elektrickou-energii-nechte-elektrarnam\/#Article","mainEntityOfPage":"https:\/\/www.emwac.cz\/elektrickou-energii-nechte-elektrarnam\/","headline":"Elektrickou energii nechte elektr\u00e1rn\u00e1m","name":"Elektrickou energii nechte elektr\u00e1rn\u00e1m","description":"\u00a0 St\u0159e\u0161n\u00ed okna Ke st\u0159e\u0161n\u00edm okn\u016fm pat\u0159\u00ed tak\u00e9 cel\u00e1 \u0159ada dopl\u0148k\u016f a p\u0159\u00edslu\u0161enstv\u00ed. Nej\u010dast\u011bji nakupovan\u00fdmi a pou\u017e\u00edvan\u00fdmi jsou nejr\u016fzn\u011bj\u0161\u00ed zasti\u0148ovac\u00ed za\u0159\u00edzen\u00ed &#8211; mark\u00fdzy, rolety \u010di \u017ealuzie. Do podkrovn\u00edch prostor vnik\u00e1 prost\u0159ednictv\u00edm oken slune\u010dn\u00ed sv\u011btlo a \u010dasto je tam velk\u00e9 teplo k nevydr\u017een\u00ed, proto V\u00e1m v\u0159ele doporu\u010dujeme si n\u011bjakou roletu po\u0159\u00eddit. Rolety a \u017ealuzie pro okna [&hellip;]","datePublished":"2024-11-16","dateModified":"2024-11-16","author":{"@type":"Person","@id":"https:\/\/www.emwac.cz\/author\/devene\/#Person","name":"devene","url":"https:\/\/www.emwac.cz\/author\/devene\/","identifier":1,"image":{"@type":"ImageObject","@id":"https:\/\/secure.gravatar.com\/avatar\/c192bfd1262e8256fe3eac43754b6ece89624ea6667e488d9445cc2d04372644?s=96&d=mm&r=g","url":"https:\/\/secure.gravatar.com\/avatar\/c192bfd1262e8256fe3eac43754b6ece89624ea6667e488d9445cc2d04372644?s=96&d=mm&r=g","height":96,"width":96}},"publisher":{"@type":"Organization","name":"emwac.cz","logo":{"@type":"ImageObject","@id":"\/logo.png","url":"\/logo.png","width":600,"height":60}},"url":"https:\/\/www.emwac.cz\/elektrickou-energii-nechte-elektrarnam\/","wordCount":155,"articleBody":"\t\u00a0\tSt\u0159e\u0161n\u00ed okna\tKe st\u0159e\u0161n\u00edm okn\u016fm pat\u0159\u00ed tak\u00e9 cel\u00e1 \u0159ada dopl\u0148k\u016f a p\u0159\u00edslu\u0161enstv\u00ed. Nej\u010dast\u011bji nakupovan\u00fdmi a pou\u017e\u00edvan\u00fdmi jsou nejr\u016fzn\u011bj\u0161\u00ed zasti\u0148ovac\u00ed za\u0159\u00edzen\u00ed &#8211; mark\u00fdzy, rolety \u010di \u017ealuzie. Do podkrovn\u00edch prostor vnik\u00e1 prost\u0159ednictv\u00edm oken slune\u010dn\u00ed sv\u011btlo a \u010dasto je tam velk\u00e9 teplo k nevydr\u017een\u00ed, proto V\u00e1m v\u0159ele doporu\u010dujeme si n\u011bjakou roletu po\u0159\u00eddit.\tRolety a \u017ealuzie pro okna zna\u010dky FAKRO\tTak\u00e9 pro st\u0159e\u0161n\u00ed okna zna\u010dky FAKRO se vyr\u00e1b\u011bj\u00ed speci\u00e1ln\u00ed \u017ealuzie a rolety. V\u0161echny dopl\u0148ky zna\u010dky TOSO jsou vyrobeny tak, aby perfektn\u011b sed\u011bly do oken zna\u010dky FAKRO. Jsou za p\u0159ijatelnou cenu a V\u00e1\u0161 interi\u00e9r ud\u011blaj\u00ed stylov\u00fdm a modern\u00edm. Instalace je snadn\u00e1 &#8211; provedete ji p\u0159esn\u011b podle n\u00e1vodu a nem\u016f\u017eete se spl\u00e9st.                                                                                                                                                                                                                                                                                                                                                                                                "},{"@context":"https:\/\/schema.org\/","@type":"BreadcrumbList","itemListElement":[{"@type":"ListItem","position":1,"name":"Elektrickou energii nechte elektr\u00e1rn\u00e1m","item":"https:\/\/www.emwac.cz\/elektrickou-energii-nechte-elektrarnam\/#breadcrumbitem"}]}]