[{"@context":"https:\/\/schema.org\/","@type":"Article","@id":"https:\/\/www.emwac.cz\/jak-je-to-u-vas-doma\/#Article","mainEntityOfPage":"https:\/\/www.emwac.cz\/jak-je-to-u-vas-doma\/","headline":"Jak je to u V\u00e1s doma?","name":"Jak je to u V\u00e1s doma?","description":"Ka\u017ed\u00fd \u010dlov\u011bk si n\u011bco nese ze sv\u00e9 minulosti a to nejen fyzick\u00e9ho, ale tak\u00e9 si nese ur\u010dit\u00e9 postoje, styly a zp\u016fsoby jedn\u00e1n\u00ed. N\u011bkter\u00e9 se daj\u00ed pova\u017eovat za dobr\u00e9, jin\u00e9 pova\u017eujeme za zlozvyky a chceme se jich zbavit. A stejn\u011b jako i v\u00a0jin\u00fdch oblastech, neseme si sv\u016fj vlastn\u00ed vzorec chov\u00e1n\u00ed do \u017eivota, co se t\u00fdk\u00e1 ukl\u00edzen\u00ed [&hellip;]","datePublished":"2019-04-13","dateModified":"2023-06-09","author":{"@type":"Person","@id":"https:\/\/www.emwac.cz\/author\/devene\/#Person","name":"devene","url":"https:\/\/www.emwac.cz\/author\/devene\/","identifier":1,"image":{"@type":"ImageObject","@id":"https:\/\/secure.gravatar.com\/avatar\/c192bfd1262e8256fe3eac43754b6ece89624ea6667e488d9445cc2d04372644?s=96&d=mm&r=g","url":"https:\/\/secure.gravatar.com\/avatar\/c192bfd1262e8256fe3eac43754b6ece89624ea6667e488d9445cc2d04372644?s=96&d=mm&r=g","height":96,"width":96}},"publisher":{"@type":"Organization","name":"emwac.cz","logo":{"@type":"ImageObject","@id":"\/logo.png","url":"\/logo.png","width":600,"height":60}},"image":{"@type":"ImageObject","@id":"https:\/\/www.emwac.cz\/wp-content\/uploads\/img_a343230_w2535_t1556371362.jpg","url":"https:\/\/www.emwac.cz\/wp-content\/uploads\/img_a343230_w2535_t1556371362.jpg","height":0,"width":0},"url":"https:\/\/www.emwac.cz\/jak-je-to-u-vas-doma\/","wordCount":473,"articleBody":"\tKa\u017ed\u00fd \u010dlov\u011bk si n\u011bco nese ze sv\u00e9 minulosti a to nejen fyzick\u00e9ho, ale tak\u00e9 si nese ur\u010dit\u00e9 postoje, styly a zp\u016fsoby jedn\u00e1n\u00ed. N\u011bkter\u00e9 se daj\u00ed pova\u017eovat za dobr\u00e9, jin\u00e9 pova\u017eujeme za zlozvyky a chceme se jich zbavit. A stejn\u011b jako i v\u00a0jin\u00fdch oblastech, neseme si sv\u016fj vlastn\u00ed vzorec chov\u00e1n\u00ed do \u017eivota, co se t\u00fdk\u00e1 ukl\u00edzen\u00ed na\u0161ich dom\u00e1cnost\u00ed a jejich \u00fadr\u017eby.\tN\u011bkdo tr\u00e1v\u00ed denn\u011b hodiny ukl\u00edzen\u00edm a po\u0159\u00e1d m\u00e1 dojem, \u017ee je v\u00a0jeho byt\u011b nepo\u0159\u00e1dek. Tu vid\u00ed sn\u00edtko prachu, tu chlup ze psa, tahle ko\u0161ile nen\u00ed po\u0159\u00e1dn\u011b vy\u017eehlen\u00e1, podlaha by snesla vyt\u0159\u00edt ne dvakr\u00e1t, ale t\u0159ikr\u00e1t denn\u011b, ucho jednoho hrn\u00ed\u010dku v\u00a0poli\u010dce sm\u011b\u0159uje na jinou stranu, ne\u017e ucha ostatn\u00edch hrne\u010dk\u016f. Tak takov\u00fd jedinec l\u00edt\u00e1 a l\u00edt\u00e1, v\u00a0podstat\u011b nikdy si neodpo\u010dine a nikdy nebude spokojen\u00fd se stavem \u00faklidu sv\u00e9 dom\u00e1cnosti. V\u00a0takov\u00e9 dom\u00e1cnosti vl\u00e1dne neklid, nap\u011bt\u00ed a \u010dast\u00e9 h\u00e1dky.\tJin\u00e1 skupina osob ukl\u00edz\u00ed p\u0159im\u011b\u0159en\u011b, nemaj\u00ed doma stoletou \u0161p\u00ednu, ale nemaj\u00ed ani dokonale uklizeno. Jsou schopni nechat na lince neumyt\u00fd hrn\u00ed\u010dek a zahr\u00e1t si n\u011bjakou hru s\u00a0d\u011btmi, nebo j\u00edt na proch\u00e1zku a n\u00e1dob\u00ed um\u00fdt pozd\u011bji. Vyt\u00edraj\u00ed a vys\u00e1vaj\u00ed t\u0159eba jen ob den i s\u00a0ut\u0159en\u00edm prachu a tak\u00e9 je to dostate\u010dn\u00e9. Jejich \u017eivoty jsou protkan\u00e9 pohodou a klidem, n\u011bjak\u00e1 sn\u00edtko je nedok\u00e1\u017ee vyv\u00e9st z\u00a0m\u00edry a vyvolat v\u00a0nich nep\u0159ekonateln\u00e9 nutk\u00e1n\u00ed ho ihned odklidit.\tExistuje tak\u00e9 t\u0159et\u00ed skupina lid\u00ed, ti ve sv\u00fdch domovech neukl\u00edzej\u00ed v\u016fbec, nebo opravdu hodn\u011b sporadicky. Takov\u00ed lid\u00e9 b\u00fdvaj\u00ed velmi l\u00edn\u00ed a ve skute\u010dnosti velice ne\u0161\u0165astn\u00ed. Maj\u00ed toti\u017e n\u011bjak\u00fd probl\u00e9m, kv\u016fli kter\u00e9mu je nezaj\u00edm\u00e1, jak a v\u00a0\u010dem \u017eij\u00ed. Kdy\u017e p\u0159ijdete do jejich dom\u00e1cnosti, hned ve dve\u0159\u00edch se p\u0159ilep\u00edte botou k\u00a0podlaze, druhou roz\u0161l\u00e1pnete ps\u00ed v\u00fdkal. O n\u011bkolik krok\u016f d\u00e1l na V\u00e1s za\u010dne padat hromada jak\u00e9hosi haraburd\u00ed, kter\u00e9 je k\u00a0ni\u010demu. Po zhl\u00e9dnut\u00ed stavu kuchyn\u011b, kde vl\u00e1dne \u0161p\u00edna a pl\u00edse\u0148, s\u00a0d\u00edky odm\u00edtnete nab\u00edzenou k\u00e1vu. A kdy\u017e V\u00e1s vyzve majitel takov\u00e9to dom\u00e1cnosti, abyste se posadili, mus\u00edte odstranit mnoho p\u0159edm\u011bt\u016f, aby bylo kam si sednout.\tJe na ka\u017ed\u00e9m z\u00a0n\u00e1s, kterou cestu si zvol\u00edme, zda cestu extr\u00e9mu, kter\u00e1 n\u00e1s jednoho dne p\u0159ivede do ordinace psychiatra, \u010di cestu pohody a klidu. Tak posu\u010fte sami, jak je to u V\u00e1s doma.                                                                                                                                                                                                                                                                                                                                                                                                "},{"@context":"https:\/\/schema.org\/","@type":"BreadcrumbList","itemListElement":[{"@type":"ListItem","position":1,"name":"Jak je to u V\u00e1s doma?","item":"https:\/\/www.emwac.cz\/jak-je-to-u-vas-doma\/#breadcrumbitem"}]}]