[{"@context":"https:\/\/schema.org\/","@type":"Article","@id":"https:\/\/www.emwac.cz\/nemecti-ekologove-vs-elon-musk\/#Article","mainEntityOfPage":"https:\/\/www.emwac.cz\/nemecti-ekologove-vs-elon-musk\/","headline":"N\u011bme\u010dt\u00ed ekologov\u00e9 vs. Elon Musk","name":"N\u011bme\u010dt\u00ed ekologov\u00e9 vs. Elon Musk","description":"Spoluzakladatel a \u0161\u00e9f Tesly o z\u00e1m\u011bru v\u00fdstavby tov\u00e1rny pobl\u00ed\u017e Berl\u00edna informoval ve\u0159ejnost ji\u017e v listopadu minul\u00e9ho roku. Jednalo by se o v\u016fbec prvn\u00ed evropskou tov\u00e1rnu Tesly, kter\u00e1 m\u00e1 n\u00e9st n\u00e1zev Gigafactory 4. Gigafactory 3 ned\u00e1vno zah\u00e1jila zku\u0161ebn\u00ed v\u00fdrobu v \u0160anghaji a zbytek z\u00e1vod\u016f se nach\u00e1z\u00ed ve Spojen\u00fdch st\u00e1tech americk\u00fdch. Tesla ji\u017e po\u010d\u00edt\u00e1 s t\u00edm, \u017ee [&hellip;]","datePublished":"2020-02-02","dateModified":"2023-06-09","author":{"@type":"Person","@id":"https:\/\/www.emwac.cz\/author\/devene\/#Person","name":"devene","url":"https:\/\/www.emwac.cz\/author\/devene\/","identifier":1,"image":{"@type":"ImageObject","@id":"https:\/\/secure.gravatar.com\/avatar\/c192bfd1262e8256fe3eac43754b6ece89624ea6667e488d9445cc2d04372644?s=96&d=mm&r=g","url":"https:\/\/secure.gravatar.com\/avatar\/c192bfd1262e8256fe3eac43754b6ece89624ea6667e488d9445cc2d04372644?s=96&d=mm&r=g","height":96,"width":96}},"publisher":{"@type":"Organization","name":"emwac.cz","logo":{"@type":"ImageObject","@id":"\/logo.png","url":"\/logo.png","width":600,"height":60}},"image":{"@type":"ImageObject","@id":"https:\/\/www.emwac.cz\/wp-content\/uploads\/img_a371252_w4326_t1582730439.png","url":"https:\/\/www.emwac.cz\/wp-content\/uploads\/img_a371252_w4326_t1582730439.png","height":0,"width":0},"url":"https:\/\/www.emwac.cz\/nemecti-ekologove-vs-elon-musk\/","about":["Firmy"],"wordCount":378,"articleBody":"Spoluzakladatel a \u0161\u00e9f Tesly o z\u00e1m\u011bru v\u00fdstavby tov\u00e1rny pobl\u00ed\u017e Berl\u00edna informoval ve\u0159ejnost ji\u017e v listopadu minul\u00e9ho roku. Jednalo by se o v\u016fbec prvn\u00ed evropskou tov\u00e1rnu Tesly, kter\u00e1 m\u00e1 n\u00e9st n\u00e1zev Gigafactory 4. Gigafactory 3 ned\u00e1vno zah\u00e1jila zku\u0161ebn\u00ed v\u00fdrobu v \u0160anghaji a zbytek z\u00e1vod\u016f se nach\u00e1z\u00ed ve Spojen\u00fdch st\u00e1tech americk\u00fdch. Tesla ji\u017e po\u010d\u00edt\u00e1 s t\u00edm, \u017ee n\u011bmeck\u00fd z\u00e1vod Gigafactory 4 za\u010dne s v\u00fdrobou v roce 2021.&#13; &#13; Agentura Reuters v\u0161ak upozornila na fakt, \u017ee projekt z\u00e1vodu dosud nez\u00edskal stavebn\u00ed povolen\u00ed a firma tak pozemek budouc\u00edho z\u00e1vodu spravuje na vlastn\u00ed riziko.&#13; Hospod\u00e1\u0159sk\u00e9 noviny, 17. \u00fanora 2020, informovali \u010deskou ve\u0159ejnost o pozastaven\u00ed p\u0159\u00edpravy pozemku p\u0159\u00edmo n\u011bmeck\u00fdm soudem. Ten jedn\u00e1 na z\u00e1klad\u011b rozhodnut\u00ed o st\u00ed\u017enosti n\u011bmeck\u00fdch ekologick\u00fdch aktivist\u016f. Soud Tesle na\u0159\u00eddil okam\u017eit\u00e9 pozastaven\u00ed k\u00e1cen\u00ed lesa, na jeho\u017e m\u00edst\u011b m\u00e1 z\u00e1vod st\u00e1t, dokud neposoud\u00ed st\u00ed\u017enost m\u00edstn\u00edch ochr\u00e1nc\u016f p\u0159\u00edrody.&#13; Hospod\u00e1\u0159sk\u00e9 noviny tak\u00e9 poukazuj\u00ed na fakt, \u017ee pokud by soud nezas\u00e1hl, Tesla by dokon\u010dila vyk\u00e1cen\u00ed lesa b\u011bhem pouh\u00fdch t\u0159\u00ed dn\u016f, a tedy je\u0161t\u011b p\u0159ed rozhodnut\u00edm o st\u00ed\u017enosti ekologick\u00fdch aktivist\u016f. Server Bloomerg informuje o faktu, \u017ee pokud Tesla nepok\u00e1c\u00ed stromy do konce b\u0159ezna, stavba se pravd\u011bpodobn\u011b opozd\u00ed o 6 m\u011bs\u00edc\u016f, kv\u016fli obdob\u00ed \u0159\u00edje m\u00edstn\u00edch divok\u00fdch zv\u00ed\u0159at.&#13; &#13; Podle serveru CNBC, Tesla sl\u00edbila, \u017ee jako kompenzaci vysad\u00ed les o rozloze t\u0159ikr\u00e1t v\u011bt\u0161\u00ed ne\u017e ten, kter\u00fd vyk\u00e1c\u00ed. Podle serveru BBC tak\u00e9 sl\u00edbila, \u017ee bezpe\u010dn\u011b p\u0159est\u011bhuje kolonie mravenc\u016f, netop\u00fdr\u016f a plaz\u016f, kter\u00e9 se v oblasti budouc\u00edho z\u00e1vodu Gigafactory 4 nach\u00e1z\u00ed.&#13; Zd\u00e1 se V\u00e1m vysazen\u00ed nov\u00e9ho a t\u0159ikr\u00e1t v\u011bt\u0161\u00edho lesa jako spravedliv\u00e1 kompenzace a firma by m\u011bla nad\u00e1le pokra\u010dovat s v\u00fdstavbou, nebo by bylo dle Va\u0161eho n\u00e1zoru lep\u0161\u00ed, kdyby se stavba pozastavila \u00fapln\u011b? Jak mysl\u00edte, \u017ee soud nakonec rozhodne?&#13; Pro sledov\u00e1n\u00ed aktu\u00e1ln\u00ed situace doporu\u010dujeme Hospod\u00e1\u0159sk\u00e9 noviny, z kter\u00fdch byly \u010derp\u00e1ny v\u00fd\u0161e uveden\u00e9 informace.&#13;                                                                                                                                                                                                                                                                                                                                                                                                 "},{"@context":"https:\/\/schema.org\/","@type":"BreadcrumbList","itemListElement":[{"@type":"ListItem","position":1,"name":"N\u011bme\u010dt\u00ed ekologov\u00e9 vs. Elon Musk","item":"https:\/\/www.emwac.cz\/nemecti-ekologove-vs-elon-musk\/#breadcrumbitem"}]}]