[{"@context":"https:\/\/schema.org\/","@type":"Article","@id":"https:\/\/www.emwac.cz\/objevte-krasu-v-malickostech\/#Article","mainEntityOfPage":"https:\/\/www.emwac.cz\/objevte-krasu-v-malickostech\/","headline":"Objevte kr\u00e1su v mali\u010dkostech","name":"Objevte kr\u00e1su v mali\u010dkostech","description":"Pokud se v\u00e1m zd\u00e1, \u017ee \u0159e\u0161it je\u0161t\u011b to, jak budou vypadat z\u00e1suvky a vyp\u00edna\u010de, jde zcela mimo v\u00e1s, tak jste zaspali dobu. U\u017e d\u00e1vno neplat\u00ed, \u017ee se prost\u011b n\u011bco koup\u00ed. Ka\u017ed\u00fd interi\u00e9r by m\u011bl b\u00fdt barevn\u011b i stylov\u011b slad\u011bn\u00fd. A na tom se pod\u00edlej\u00ed i ty mali\u010dkosti, kter\u00e9 se v\u00e1m zdaj\u00ed nepodstatn\u00e9. Pokud nev\u011b\u0159\u00edte, tak [&hellip;]","datePublished":"2023-09-20","dateModified":"2023-09-20","author":{"@type":"Person","@id":"https:\/\/www.emwac.cz\/author\/devene\/#Person","name":"devene","url":"https:\/\/www.emwac.cz\/author\/devene\/","identifier":1,"image":{"@type":"ImageObject","@id":"https:\/\/secure.gravatar.com\/avatar\/c192bfd1262e8256fe3eac43754b6ece89624ea6667e488d9445cc2d04372644?s=96&d=mm&r=g","url":"https:\/\/secure.gravatar.com\/avatar\/c192bfd1262e8256fe3eac43754b6ece89624ea6667e488d9445cc2d04372644?s=96&d=mm&r=g","height":96,"width":96}},"publisher":{"@type":"Organization","name":"emwac.cz","logo":{"@type":"ImageObject","@id":"\/logo.png","url":"\/logo.png","width":600,"height":60}},"url":"https:\/\/www.emwac.cz\/objevte-krasu-v-malickostech\/","wordCount":243,"articleBody":"Pokud se v\u00e1m zd\u00e1, \u017ee \u0159e\u0161it je\u0161t\u011b to, jak budou vypadat z\u00e1suvky a vyp\u00edna\u010de, jde zcela mimo v\u00e1s, tak jste zaspali dobu. U\u017e d\u00e1vno neplat\u00ed, \u017ee se prost\u011b n\u011bco koup\u00ed. Ka\u017ed\u00fd interi\u00e9r by m\u011bl b\u00fdt barevn\u011b i stylov\u011b slad\u011bn\u00fd. A na tom se pod\u00edlej\u00ed i ty mali\u010dkosti, kter\u00e9 se v\u00e1m zdaj\u00ed nepodstatn\u00e9. Pokud nev\u011b\u0159\u00edte, tak se seznamte s elektroinstala\u010dn\u00edmi produkty zna\u010dky, kter\u00e1 s nimi dobyla pomalu cel\u00fd sv\u011bt. Schneider Unica je modelov\u00e1 \u0159ada, kter\u00e1 je stylov\u011b vyv\u00e1\u017een\u00e1 a barevn\u011b um\u00edrn\u011bn\u00e1. Hod\u00ed se naprosto v\u0161ude.Online nab\u00eddka elektroinstala\u010dn\u00edch pot\u0159ebV\u00edtejte na str\u00e1nk\u00e1ch e-shopu, kter\u00fd v\u00ed, jak d\u016fle\u017eit\u00fdm designov\u00fdm prvkem elektroinstala\u010dn\u00ed pot\u0159eby jsou. A tomu odpov\u00edd\u00e1 i cel\u00e1 nab\u00eddka. Spojuje ji jm\u00e9no sv\u011btozn\u00e1m\u00e9ho v\u00fdrobce, kter\u00fd dodal t\u011bmto praktick\u00fdm pomocn\u00edk\u016fm na kr\u00e1se. Krom\u011b dokonal\u00e9 funk\u010dnosti maj\u00ed v\u0161echny v\u00fdrobky i dokonal\u00fd design. Vyb\u00edrat m\u016f\u017eete z r\u016fzn\u00fdch modelov\u00fdch \u0159ad. Ka\u017ed\u00e1 najde uplatn\u011bn\u00ed v jin\u00e9m prost\u0159ed\u00ed. Pokud hled\u00e1te n\u011bco univerz\u00e1ln\u00edho, co se hod\u00ed v\u0161ude, tak to v\u00e1m stoprocentn\u011b spln\u00ed schneider unica. Krom\u011b \u0161irok\u00e9ho vyu\u017eit\u00ed jsou to i ceny, co d\u011blaj\u00ed produkty t\u00e9to modelov\u00e9 \u0159ady tak atraktivn\u00ed.                                                                                                                                                                                                                                                                                                                                                                                                "},{"@context":"https:\/\/schema.org\/","@type":"BreadcrumbList","itemListElement":[{"@type":"ListItem","position":1,"name":"Objevte kr\u00e1su v mali\u010dkostech","item":"https:\/\/www.emwac.cz\/objevte-krasu-v-malickostech\/#breadcrumbitem"}]}]