[{"@context":"https:\/\/schema.org\/","@type":"Article","@id":"https:\/\/www.emwac.cz\/pocitat-s-cenou-za-km-se-vyplati\/#Article","mainEntityOfPage":"https:\/\/www.emwac.cz\/pocitat-s-cenou-za-km-se-vyplati\/","headline":"Po\u010d\u00edtat s cenou za km se vyplat\u00ed","name":"Po\u010d\u00edtat s cenou za km se vyplat\u00ed","description":"","datePublished":"2019-09-05","dateModified":"2023-06-09","author":{"@type":"Person","@id":"https:\/\/www.emwac.cz\/author\/devene\/#Person","name":"devene","url":"https:\/\/www.emwac.cz\/author\/devene\/","identifier":1,"image":{"@type":"ImageObject","@id":"https:\/\/secure.gravatar.com\/avatar\/c192bfd1262e8256fe3eac43754b6ece89624ea6667e488d9445cc2d04372644?s=96&d=mm&r=g","url":"https:\/\/secure.gravatar.com\/avatar\/c192bfd1262e8256fe3eac43754b6ece89624ea6667e488d9445cc2d04372644?s=96&d=mm&r=g","height":96,"width":96}},"publisher":{"@type":"Organization","name":"emwac.cz","logo":{"@type":"ImageObject","@id":"\/logo.png","url":"\/logo.png","width":600,"height":60}},"image":{"@type":"ImageObject","@id":"https:\/\/www.emwac.cz\/wp-content\/uploads\/img_a358889_w1711_t1573117916.jpg","url":"https:\/\/www.emwac.cz\/wp-content\/uploads\/img_a358889_w1711_t1573117916.jpg","height":0,"width":0},"url":"https:\/\/www.emwac.cz\/pocitat-s-cenou-za-km-se-vyplati\/","about":["V\u00fdrobky"],"wordCount":0,"articleBody":"  "},{"@context":"https:\/\/schema.org\/","@type":"BreadcrumbList","itemListElement":[{"@type":"ListItem","position":1,"name":"Po\u010d\u00edtat s cenou za km se vyplat\u00ed","item":"https:\/\/www.emwac.cz\/pocitat-s-cenou-za-km-se-vyplati\/#breadcrumbitem"}]}]