[{"@context":"https:\/\/schema.org\/","@type":"Article","@id":"https:\/\/www.emwac.cz\/uprava-nehtu-neni-prepych\/#Article","mainEntityOfPage":"https:\/\/www.emwac.cz\/uprava-nehtu-neni-prepych\/","headline":"\u00daprava neht\u016f nen\u00ed p\u0159epych","name":"\u00daprava neht\u016f nen\u00ed p\u0159epych","description":"Ka\u017ed\u00e1 \u017eena by si m\u011bla ud\u011blat \u010das na takov\u00e9to mal\u00e9 h\u00fd\u010dk\u00e1n\u00ed. Zaj\u00edt si ke kade\u0159nici, na kosmetiku, ale i nap\u0159\u00edklad se zastavit u odbornice na \u00fapravu neht\u016f. Ne ka\u017ed\u00e9 \u017een\u011b zrovna slu\u0161\u00ed dlouh\u00e9 nebo kr\u00e1tk\u00e9 nehty. N\u011bkter\u00e1 je m\u016f\u017ee m\u00edt po\u0161kozen\u00e9 a to nejen ze zam\u011bstn\u00e1n\u00ed, ve kter\u00e9m pracuje, ale i d\u00edky nemoci nebo l\u00e9\u010db\u011b, [&hellip;]","datePublished":"2019-10-26","dateModified":"2023-06-09","author":{"@type":"Person","@id":"https:\/\/www.emwac.cz\/author\/devene\/#Person","name":"devene","url":"https:\/\/www.emwac.cz\/author\/devene\/","identifier":1,"image":{"@type":"ImageObject","@id":"https:\/\/secure.gravatar.com\/avatar\/c192bfd1262e8256fe3eac43754b6ece89624ea6667e488d9445cc2d04372644?s=96&d=mm&r=g","url":"https:\/\/secure.gravatar.com\/avatar\/c192bfd1262e8256fe3eac43754b6ece89624ea6667e488d9445cc2d04372644?s=96&d=mm&r=g","height":96,"width":96}},"publisher":{"@type":"Organization","name":"emwac.cz","logo":{"@type":"ImageObject","@id":"\/logo.png","url":"\/logo.png","width":600,"height":60}},"image":{"@type":"ImageObject","@id":"https:\/\/www.emwac.cz\/wp-content\/uploads\/img_a360807_w1719_t1574327461.jpg","url":"https:\/\/www.emwac.cz\/wp-content\/uploads\/img_a360807_w1719_t1574327461.jpg","height":0,"width":0},"url":"https:\/\/www.emwac.cz\/uprava-nehtu-neni-prepych\/","about":["Auto"],"wordCount":433,"articleBody":"    Ka\u017ed\u00e1 \u017eena by si m\u011bla ud\u011blat \u010das na takov\u00e9to mal\u00e9 h\u00fd\u010dk\u00e1n\u00ed. Zaj\u00edt si ke kade\u0159nici, na kosmetiku, ale i nap\u0159\u00edklad se zastavit u odbornice na \u00fapravu neht\u016f. Ne ka\u017ed\u00e9 \u017een\u011b zrovna slu\u0161\u00ed dlouh\u00e9 nebo kr\u00e1tk\u00e9 nehty. N\u011bkter\u00e1 je m\u016f\u017ee m\u00edt po\u0161kozen\u00e9 a to nejen ze zam\u011bstn\u00e1n\u00ed, ve kter\u00e9m pracuje, ale i d\u00edky nemoci nebo l\u00e9\u010db\u011b, kter\u00e1 se n\u011bkde odrazila. P\u0159esto odbornice p\u0159es tuto oblast dok\u00e1\u017e\u00ed nejen pomoci vybrat vhodnou \u00fapravu, ale z\u00e1rove\u0148 nap\u0159\u00edklad zvolit vhodn\u00fd lak na nehty, kter\u00fd pozdvihne celkov\u00fd vzhled. A ruce si skute\u010dn\u011b zaslou\u017e\u00ed, aby byly odm\u011bny za jejich v\u00fdkony, kter\u00e9 pod\u00e1vaj\u00ed.  Barva laku je nesm\u00edrn\u011b d\u016fle\u017eit\u00e1 V podstat\u011b je d\u016fle\u017eit\u011bj\u0161\u00ed je\u0161t\u011b slo\u017een\u00ed laku, ale v podstat\u011b p\u0159i v\u00fdb\u011bru zjist\u00edme, \u017ee budeme v\u017edy z\u00e1pasit s t\u00edm jakou zvolit  barvu . A to zrovna nemus\u00ed b\u00fdt jednoduch\u00e1 z\u00e1le\u017eitost. Existuje neskute\u010dn\u011b mnoho r\u016fzn\u00fdch odst\u00edn\u016f od jednotliv\u00fdch barev a to nemluv\u011b o r\u016fzn\u00fdch dopl\u0148c\u00edch. Pokud bychom cht\u011bli zvolit \u0161etrnou verzi, tak rozhodn\u011b slupovac\u00ed lak na nehty Pulo, bude velmi dobrou volbou. Jeho slo\u017een\u00ed je velmi \u0161etrn\u00e9 nejen k poko\u017ece, neht\u016fm, ale i \u017eivotn\u00edmu prost\u0159ed\u00ed. P\u0159ev\u00e1\u017en\u011b se skl\u00e1d\u00e1 z p\u0159\u00edrodn\u00edch l\u00e1tek, co\u017e ho stav\u00ed do pop\u0159ed\u00ed. Nab\u00eddka barev je i v tomto p\u0159\u00edpad\u011b velmi bohat\u00e1 a rozhodn\u011b by u \u017e\u00e1dn\u00e9 \u017eeny nem\u011bla chyb\u011bt takzvan\u00e1 t\u011blov\u00e1 verze. Odst\u00edn, kter\u00fd nen\u00ed tolik n\u00e1padn\u00fd, a p\u0159esto na upraven\u00fdch nehtech skv\u011ble vynikne. Pot\u00e9 lze zvolit dal\u0161\u00ed verze do spole\u010dnosti, na b\u011b\u017en\u00e9 no\u0161en\u00ed a p\u0159\u00edpadn\u011b na pracovn\u00ed sch\u016fzku.  Slupovac\u00ed lak je ide\u00e1ln\u00ed spole\u010dn\u00edk V\u00fdhodou je jeho rychl\u00e1 aplikace a tak\u00e9 sund\u00e1n\u00ed. Posta\u010d\u00ed si ruce namo\u010dit jen na chv\u00edli do vody a lak p\u016fjde lehce sloupnout. Pot\u00e9 si lze klidn\u011b aplikovat jinou barvu. To t\u0159eba je fajn, kdy\u017e se rozhodneme zm\u011bnit ve\u010dern\u00ed outfit. Tak\u00e9 je takov\u00e9 lakov\u00e1n\u00ed velmi vhodn\u00e9 pro \u017eeny, kter\u00e9 nesm\u00ed m\u00edt nalakovan\u00e9 nehty v zam\u011bstn\u00e1n\u00ed. Nen\u00ed t\u0159eba sh\u00e1n\u011bt odlakova\u010d, posta\u010d\u00ed skute\u010dn\u011b jen voda. Samotn\u00fdm neht\u016f to tak\u00e9 prosp\u011bje, jeliko\u017e nebude p\u016fsobit chemie na l\u016f\u017eka neht\u016f. A mimochodem, nikdy nevyschne, posta\u010d\u00ed p\u00e1r kapek oby\u010dejn\u00e9 vody a lakuje se d\u00e1l.                                                                                                                                                                                                                                                                                                                                                                                                 "},{"@context":"https:\/\/schema.org\/","@type":"BreadcrumbList","itemListElement":[{"@type":"ListItem","position":1,"name":"\u00daprava neht\u016f nen\u00ed p\u0159epych","item":"https:\/\/www.emwac.cz\/uprava-nehtu-neni-prepych\/#breadcrumbitem"}]}]