[{"@context":"https:\/\/schema.org\/","@type":"Article","@id":"https:\/\/www.emwac.cz\/uzeh-a-upal-co-na-ne-pomaha\/#Article","mainEntityOfPage":"https:\/\/www.emwac.cz\/uzeh-a-upal-co-na-ne-pomaha\/","headline":"\u00da\u017eeh a \u00fapal, co na n\u011b pom\u00e1h\u00e1?","name":"\u00da\u017eeh a \u00fapal, co na n\u011b pom\u00e1h\u00e1?","description":"V\u00a0prvn\u00ed \u0159ad\u011b je t\u0159eba rozd\u011blit od sebe tyto dv\u011b \u010dasto zam\u011b\u0148ovan\u00e9 a tak\u00e9, pravda, snadno zam\u011bniteln\u00e9 nemoci. \u00dapal m\u016f\u017eete dostat v\u00a0okol\u00ed \u010dehokoli co p\u00e1l\u00ed, jin\u00fdmi slovy, sta\u010d\u00ed horko a nen\u00ed k\u00a0tomu pot\u0159eba ani slun\u00ed\u010dko, m\u016f\u017eete si jej p\u0159ivodit nap\u0159\u00edklad pobytem v\u00a0p\u0159eh\u0159\u00e1t\u00e9 m\u00edstnosti a je \u00fapln\u011b jedno co je zrovna za ro\u010dn\u00ed obdob\u00ed. Oproti tomu \u00fa\u017eeh [&hellip;]","datePublished":"2019-06-05","dateModified":"2019-06-05","author":{"@type":"Person","@id":"https:\/\/www.emwac.cz\/author\/devene\/#Person","name":"devene","url":"https:\/\/www.emwac.cz\/author\/devene\/","identifier":1,"image":{"@type":"ImageObject","@id":"https:\/\/secure.gravatar.com\/avatar\/c192bfd1262e8256fe3eac43754b6ece89624ea6667e488d9445cc2d04372644?s=96&d=mm&r=g","url":"https:\/\/secure.gravatar.com\/avatar\/c192bfd1262e8256fe3eac43754b6ece89624ea6667e488d9445cc2d04372644?s=96&d=mm&r=g","height":96,"width":96}},"publisher":{"@type":"Organization","name":"emwac.cz","logo":{"@type":"ImageObject","@id":"\/logo.png","url":"\/logo.png","width":600,"height":60}},"image":{"@type":"ImageObject","@id":"https:\/\/www.emwac.cz\/wp-content\/uploads\/img_a346872_w2906_t1561202170.jpg","url":"https:\/\/www.emwac.cz\/wp-content\/uploads\/img_a346872_w2906_t1561202170.jpg","height":0,"width":0},"url":"https:\/\/www.emwac.cz\/uzeh-a-upal-co-na-ne-pomaha\/","wordCount":422,"articleBody":"V\u00a0prvn\u00ed \u0159ad\u011b je t\u0159eba rozd\u011blit od sebe tyto dv\u011b \u010dasto zam\u011b\u0148ovan\u00e9 a tak\u00e9, pravda, snadno zam\u011bniteln\u00e9 nemoci.\u00dapal m\u016f\u017eete dostat v\u00a0okol\u00ed \u010dehokoli co p\u00e1l\u00ed, jin\u00fdmi slovy, sta\u010d\u00ed horko a nen\u00ed k\u00a0tomu pot\u0159eba ani slun\u00ed\u010dko, m\u016f\u017eete si jej p\u0159ivodit nap\u0159\u00edklad pobytem v\u00a0p\u0159eh\u0159\u00e1t\u00e9 m\u00edstnosti a je \u00fapln\u011b jedno co je zrovna za ro\u010dn\u00ed obdob\u00ed.Oproti tomu \u00fa\u017eeh je v\u00fdsledkem p\u0159\u00edm\u00e9ho slune\u010dn\u00edho \u017e\u00e1ru. Bohu\u017eel jej ale na rozd\u00edl od \u00fapalu hned nemus\u00edme poznat.Prvn\u00ed, co v\u00e1s p\u0159ed n\u00edm m\u016f\u017ee varovat je zarudl\u00e1, \u010di sp\u00e1len\u00e1 poko\u017eka p\u0159edev\u0161\u00edm v\u00a0horn\u00ed \u010d\u00e1sti t\u011bla, hlavy, ramen. P\u0159\u00edznaky se v\u0161ak mohou projevit s\u00a0prodlevou t\u0159eba jednoho dne od onoho sp\u00e1len\u00ed. Bohu\u017eel nej\u010dast\u011bji v\u00a0noci hned po pobytu na slunci.P\u0159\u00edznaky jsou bolen\u00ed hlavy, hore\u010dky a\u017e do 40\u00b0C (v takov\u00fdch p\u0159\u00edpadech je lep\u0161\u00ed obr\u00e1tit se ihned na l\u00e9ka\u0159skou pomoc), d\u00e1le pak postupuje zimnice a k\u0159e\u010de v\u00a0doln\u00edch kon\u010detin\u00e1ch. Ojedin\u011ble se objevuje i bolest v\u00a0krku a n\u00e1sledn\u011b se vytvo\u0159\u00ed afty, kter\u00fdch je obt\u00ed\u017en\u00e9 se zbavit, a nav\u00edc br\u00e1n\u00ed polyk\u00e1n\u00ed. Takov\u00fd stav pak m\u016f\u017ee nahodile trvat v\u00a0obdob\u00ed od dvou do \u010dty\u0159 dn\u016f.Jak postupovat p\u0159i l\u00e9\u010db\u011b? Pokud nem\u00e1te r\u00e1di pr\u00e1\u0161ky na sni\u017eov\u00e1n\u00ed bolesti, jako Ibalgin, nebo Paralen, je lep\u0161\u00ed hore\u010dku nad 39\u00b0C sr\u00e1\u017eet nap\u0159\u00edklad pomoc\u00ed z\u00e1bal\u016f. Ty ud\u011bl\u00e1te jednoduch\u00fdm zp\u016fsobem. Na holou k\u016f\u017ei p\u0159itisknete nap\u0159\u00edklad prost\u011bradlo namo\u010den\u00e9 do studen\u00e9 vody, jako dal\u0161\u00ed vrstvu pak pou\u017eijte t\u0159eba ru\u010dn\u00edky, aby nebylo v\u0161ude mokro, pot\u00e9 nemocn\u00e9ho zabalte do tepl\u00e9 pe\u0159iny. Takto t\u0159eba na dobu deseti a\u017e patn\u00e1cti minut. Hore\u010dka by m\u011bla klesnout.Na afty a bolest v\u00a0krku je pak vhodn\u00e9 p\u00edt he\u0159m\u00e1nkov\u00fd \u010daj, kloktat slanou vodu, p\u0159\u00edpadn\u011b Vincentku. Jestli se ale aft\u016f v\u00a0krku chcete zbavit okam\u017eit\u011b, vyma\u010dkejte si \u0161\u0165\u00e1vu z\u00a0cel\u00e9ho citronu a v\u00a0t\u00e9to podob\u011b, ne\u0159ed\u011bnou \u0161\u0165\u00e1vu tak\u00e9 vykloktejte. Uvid\u00edte, \u017ee afty pot\u00e9 zmiz\u00ed b\u011bhem n\u011bkolika n\u00e1sleduj\u00edc\u00edch hodin.Je v\u0161ak pot\u0159eba nemoc nepodcenit a z\u016fstat alespo\u0148 na 5 dn\u00ed v\u00a0posteli a po\u0159\u00e1dn\u011b se vyle\u017eet.                                                                                                                                                                                                                                                                                                                                                                                                "},{"@context":"https:\/\/schema.org\/","@type":"BreadcrumbList","itemListElement":[{"@type":"ListItem","position":1,"name":"\u00da\u017eeh a \u00fapal, co na n\u011b pom\u00e1h\u00e1?","item":"https:\/\/www.emwac.cz\/uzeh-a-upal-co-na-ne-pomaha\/#breadcrumbitem"}]}]